{"id":2059,"date":"2025-08-21T12:00:00","date_gmt":"2025-08-21T15:00:00","guid":{"rendered":"https:\/\/genco-ie.com\/?p=2059"},"modified":"2025-07-28T14:56:48","modified_gmt":"2025-07-28T17:56:48","slug":"o-canal-vermelho-na-importacao","status":"publish","type":"post","link":"https:\/\/genco-ie.com\/en\/o-canal-vermelho-na-importacao\/","title":{"rendered":"The Red Channel in Importation"},"content":{"rendered":"<div class=\"trp-block-container\"><div class=\"trp_language_switcher_shortcode\">\n<div class=\"trp-language-switcher trp-language-switcher-container\" data-no-translation >\n    <div class=\"trp-ls-shortcode-current-language\">\n        <a href=\"#\" class=\"trp-ls-shortcode-disabled-language trp-ls-disabled-language\" title=\"English\" onclick=\"event.preventDefault()\">\n\t\t\t<img loading=\"lazy\" decoding=\"async\" loading=\"lazy\" class=\"trp-flag-image\" src=\"https:\/\/genco-ie.com\/wp-content\/plugins\/translatepress-multilingual\/assets\/images\/flags\/en_US.png\" width=\"18\" height=\"12\" alt=\"en_US\" title=\"English\"> English\t\t<\/a>\n    <\/div>\n    <div class=\"trp-ls-shortcode-language\">\n                <a href=\"#\" class=\"trp-ls-shortcode-disabled-language trp-ls-disabled-language\"  title=\"English\" onclick=\"event.preventDefault()\">\n\t\t\t<img loading=\"lazy\" decoding=\"async\" loading=\"lazy\" class=\"trp-flag-image\" src=\"https:\/\/genco-ie.com\/wp-content\/plugins\/translatepress-multilingual\/assets\/images\/flags\/en_US.png\" width=\"18\" height=\"12\" alt=\"en_US\" title=\"English\"> English\t\t<\/a>\n                    <a href=\"https:\/\/genco-ie.com\/en\/wp-json\/wp\/v2\/posts\/2059#TRPLINKPROCESSED\" title=\"Portugu\u00eas do Brasil\">\n            <img loading=\"lazy\" decoding=\"async\" loading=\"lazy\" class=\"trp-flag-image\" src=\"https:\/\/genco-ie.com\/wp-content\/plugins\/translatepress-multilingual\/assets\/images\/flags\/pt_BR.png\" width=\"18\" height=\"12\" alt=\"pt_BR\" title=\"Portugu\u00eas do Brasil\"> Portugu\u00eas do Brasil        <\/a>\n\n        <\/div>\n    <script type=\"application\/javascript\">\n        \/\/ need to have the same with set from JS on both divs. Otherwise it can push stuff around in HTML\n        var trp_ls_shortcodes = document.querySelectorAll('.trp_language_switcher_shortcode .trp-language-switcher');\n        if ( trp_ls_shortcodes.length > 0) {\n            \/\/ get the last language switcher added\n            var trp_el = trp_ls_shortcodes[trp_ls_shortcodes.length - 1];\n\n            var trp_shortcode_language_item = trp_el.querySelector( '.trp-ls-shortcode-language' )\n            \/\/ set width\n            var trp_ls_shortcode_width                                               = trp_shortcode_language_item.offsetWidth + 16;\n            trp_shortcode_language_item.style.width                                  = trp_ls_shortcode_width + 'px';\n            trp_el.querySelector( '.trp-ls-shortcode-current-language' ).style.width = trp_ls_shortcode_width + 'px';\n\n            \/\/ We're putting this on display: none after we have its width.\n            trp_shortcode_language_item.style.display = 'none';\n        }\n    <\/script>\n<\/div>\n<\/div><\/div>\n\n\n<div style=\"height:45px\" aria-hidden=\"true\" class=\"wp-block-spacer\"><\/div>\n\n\n\n<p class=\"\">Se voc\u00ea atua com com\u00e9rcio exterior, sabe que a importa\u00e7\u00e3o no Brasil \u00e9 um processo cheio de etapas \u2014 e uma das mais temidas pelos importadores \u00e9 a temida classifica\u00e7\u00e3o da carga no Canal Vermelho. Mas afinal, o que isso significa na pr\u00e1tica e como se preparar?<\/p>\n\n\n\n<div style=\"height:45px\" aria-hidden=\"true\" class=\"wp-block-spacer\"><\/div>\n\n\n\n<h2 class=\"wp-block-heading\"><strong>O que \u00e9 o Canal Vermelho?<\/strong><\/h2>\n\n\n\n<p class=\"\">Ao chegar ao Brasil, toda carga importada passa por um processo de sele\u00e7\u00e3o feito pela Receita Federal, chamado de parametriza\u00e7\u00e3o aduaneira. Nesse processo, o sistema define automaticamente, com base em crit\u00e9rios de risco, qual o n\u00edvel de fiscaliza\u00e7\u00e3o a que a carga ser\u00e1 submetida.<\/p>\n\n\n\n<div style=\"height:28px\" aria-hidden=\"true\" class=\"wp-block-spacer\"><\/div>\n\n\n\n<div style=\"height:0px\" aria-hidden=\"true\" class=\"wp-block-spacer\"><\/div>\n\n\n\n<p class=\"\">Essa sele\u00e7\u00e3o \u00e9 dividida em quatro canais:<\/p>\n\n\n\n<div style=\"height:28px\" aria-hidden=\"true\" class=\"wp-block-spacer\"><\/div>\n\n\n\n<p class=\"\">\u2022 <strong>Verde<\/strong>: libera\u00e7\u00e3o imediata, sem an\u00e1lise documental ou f\u00edsica.<\/p>\n\n\n\n<p class=\"\">\u2022 <strong>Amarelo<\/strong>: confer\u00eancia documental.<\/p>\n\n\n\n<p class=\"\">\u2022 <strong>Vermelho<\/strong>: an\u00e1lise documental + inspe\u00e7\u00e3o f\u00edsica da mercadoria.<\/p>\n\n\n\n<p class=\"\">\u2022 <strong>Cinza<\/strong>: fiscaliza\u00e7\u00e3o completa com investiga\u00e7\u00e3o de poss\u00edvel fraude no valor declarado.<\/p>\n\n\n\n<div style=\"height:28px\" aria-hidden=\"true\" class=\"wp-block-spacer\"><\/div>\n\n\n\n<p class=\"\">Ser direcionado ao Canal Vermelho significa que a Receita identificou algum sinal de alerta e decidiu intensificar o controle sobre aquela importa\u00e7\u00e3o. A carga s\u00f3 ser\u00e1 liberada ap\u00f3s passar por uma an\u00e1lise minuciosa da documenta\u00e7\u00e3o e por uma inspe\u00e7\u00e3o f\u00edsica realizada pelos auditores fiscais.<\/p>\n\n\n\n<div style=\"height:45px\" aria-hidden=\"true\" class=\"wp-block-spacer\"><\/div>\n\n\n\n<h2 class=\"wp-block-heading\"><strong>O que pode levar uma carga ao Canal Vermelho?<\/strong><\/h2>\n\n\n\n<p class=\"\">Alguns fatores que aumentam o risco de uma carga ser selecionada para o Canal Vermelho incluem:<\/p>\n\n\n\n<div style=\"height:28px\" aria-hidden=\"true\" class=\"wp-block-spacer\"><\/div>\n\n\n\n<p class=\"\">\u2022 Subfaturamento ou suspeita de valor declarado abaixo do real;<\/p>\n\n\n\n<p class=\"\">\u2022 Erros na classifica\u00e7\u00e3o fiscal (NCM);<\/p>\n\n\n\n<p class=\"\">\u2022 Aus\u00eancia de licen\u00e7as obrigat\u00f3rias;<\/p>\n\n\n\n<p class=\"\">\u2022 Hist\u00f3rico de irregularidades por parte do importador;<\/p>\n\n\n\n<p class=\"\">\u2022 Mercadorias sens\u00edveis, como medicamentos, cosm\u00e9ticos ou produtos controlados;<\/p>\n\n\n\n<p class=\"\">\u2022 Inconsist\u00eancias entre os documentos (fatura, packing list, descri\u00e7\u00e3o etc.);<\/p>\n\n\n\n<p class=\"\">\u2022 Alertas gerados automaticamente por sistemas da Receita (baseados em intelig\u00eancia de dados).<\/p>\n\n\n\n<div style=\"height:45px\" aria-hidden=\"true\" class=\"wp-block-spacer\"><\/div>\n\n\n\n<h2 class=\"wp-block-heading\"><strong>Impactos e preju\u00edzos<\/strong><\/h2>\n\n\n\n<p class=\"\">O tempo m\u00e9dio de libera\u00e7\u00e3o de uma carga no Canal Vermelho gira em torno de 3 a 8 dias \u00fateis. No entanto, em momentos de alta demanda ou eventos externos \u2014 como a paralisa\u00e7\u00e3o dos auditores fiscais iniciada em novembro de 2024 \u2014 esse prazo pode se estender por semanas.<\/p>\n\n\n\n<div style=\"height:28px\" aria-hidden=\"true\" class=\"wp-block-spacer\"><\/div>\n\n\n\n<p class=\"\">Os principais impactos para o importador s\u00e3o:<\/p>\n\n\n\n<div style=\"height:28px\" aria-hidden=\"true\" class=\"wp-block-spacer\"><\/div>\n\n\n\n<p class=\"\">\u2022 Aumento de custos com armazenagem nos portos e terminais;<\/p>\n\n\n\n<p class=\"\">\u2022 Penalidades contratuais por atraso na entrega;<\/p>\n\n\n\n<p class=\"\">\u2022 Risco de vencimento de prazos log\u00edsticos (ex: devolu\u00e7\u00e3o de cont\u00eaineres);<\/p>\n\n\n\n<p class=\"\">\u2022 Perda de mercadorias sens\u00edveis ou perec\u00edveis;<\/p>\n\n\n\n<p class=\"\">\u2022 Danos \u00e0 reputa\u00e7\u00e3o e perda de competitividade no mercado.<\/p>\n\n\n\n<div style=\"height:45px\" aria-hidden=\"true\" class=\"wp-block-spacer\"><\/div>\n\n\n\n<h2 class=\"wp-block-heading\"><strong>Como evitar (ou minimizar) a chance de cair no Canal Vermelho?<\/strong><\/h2>\n\n\n\n<p class=\"\">Apesar de n\u00e3o ser poss\u00edvel eliminar completamente o risco, algumas boas pr\u00e1ticas podem reduzir consideravelmente a chance de ter sua carga retida:<\/p>\n\n\n\n<div style=\"height:28px\" aria-hidden=\"true\" class=\"wp-block-spacer\"><\/div>\n\n\n\n<p class=\"\">\u2022 <strong>Documenta\u00e7\u00e3o impec\u00e1vel<\/strong>: faturas, licen\u00e7as, classifica\u00e7\u00e3o fiscal e demais documentos devem estar 100% corretos e coerentes entre si.<\/p>\n\n\n\n<p class=\"\">\u2022 <strong>Parceria com operadores confi\u00e1veis<\/strong>: trabalhar com despachantes, agentes de carga e fornecedores experientes faz toda a diferen\u00e7a.<\/p>\n\n\n\n<p class=\"\">\u2022 <strong>Certifica\u00e7\u00e3o OEA<\/strong>: empresas certificadas como Operador Econ\u00f4mico Autorizado s\u00e3o tratadas como de baixo risco pela Receita e, por isso, t\u00eam acesso a canais preferenciais e menos reten\u00e7\u00f5es.<\/p>\n\n\n\n<p class=\"\">\u2022 <strong>Acompanhamento em tempo real<\/strong>: o sistema Siscomex permite acompanhar a situa\u00e7\u00e3o do despacho e se preparar rapidamente em caso de parametriza\u00e7\u00e3o no canal amarelo, vermelho ou cinza.<\/p>\n\n\n\n<p class=\"\">\u2022 <strong>Conformidade cont\u00ednua<\/strong>: investir em governan\u00e7a aduaneira e programas internos de compliance evita surpresas desagrad\u00e1veis.<\/p>\n\n\n\n<div style=\"height:45px\" aria-hidden=\"true\" class=\"wp-block-spacer\"><\/div>\n\n\n\n<h2 class=\"wp-block-heading\"><strong>Moderniza\u00e7\u00e3o e perspectivas<\/strong><\/h2>\n\n\n\n<p class=\"\">A Receita Federal vem investindo em digitaliza\u00e7\u00e3o e simplifica\u00e7\u00e3o dos processos aduaneiros, com destaque para a DUIMP (Declara\u00e7\u00e3o \u00danica de Importa\u00e7\u00e3o), que promete mais agilidade e transpar\u00eancia. Apesar disso, em cen\u00e1rios de instabilidade como greves, atrasos continuam sendo um risco real \u2014 especialmente para quem n\u00e3o est\u00e1 preparado.<\/p>\n\n\n\n<div style=\"height:45px\" aria-hidden=\"true\" class=\"wp-block-spacer\"><\/div>\n\n\n\n<h2 class=\"wp-block-heading\"><strong>Conclus\u00e3o<\/strong><\/h2>\n\n\n\n<p class=\"\">O Canal Vermelho n\u00e3o \u00e9 um bicho de sete cabe\u00e7as, mas \u00e9 um sinal claro de que algo chamou a aten\u00e7\u00e3o da Receita Federal. Estar atento \u00e0 documenta\u00e7\u00e3o, manter a conformidade e investir em processos profissionais pode evitar preju\u00edzos e garantir fluidez nas suas opera\u00e7\u00f5es de importa\u00e7\u00e3o.<\/p>\n\n\n\n<p class=\"\">Quer importar com mais seguran\u00e7a e efici\u00eancia? Conhe\u00e7a estrat\u00e9gias avan\u00e7adas de parametriza\u00e7\u00e3o e saiba como atuar com previsibilidade mesmo diante de cen\u00e1rios adversos.<\/p>\n\n\n\n<div style=\"height:45px\" aria-hidden=\"true\" class=\"wp-block-spacer\"><\/div>\n\n\n\n<hr class=\"wp-block-separator has-alpha-channel-opacity\"\/>\n\n\n\n<div style=\"height:45px\" aria-hidden=\"true\" class=\"wp-block-spacer\"><\/div>\n\n\n\n<h2 class=\"wp-block-heading\">Evite erros na hora de importar!<\/h2>\n\n\n\n<p class=\"\">Ter uma assessoria especializada em importa\u00e7\u00e3o pode te poupar de muitos riscos futuros. Veja s\u00f3 o que a Genco Import &amp; Export pode fazer por voc\u00ea:<\/p>\n\n\n\n<div style=\"height:28px\" aria-hidden=\"true\" class=\"wp-block-spacer\"><\/div>\n\n\n\n<ul class=\"wp-block-list\">\n<li class=\"\">Sourcing do seu produto para encontrar o melhor valor para o seu produto.<\/li>\n\n\n\n<li class=\"\">Fazer uma simula\u00e7\u00e3o de todos os custos antes de voc\u00ea entrar nessa jornada.<\/li>\n\n\n\n<li class=\"\">Negociar valores com fornecedores, agentes de carga e despachantes.<\/li>\n\n\n\n<li class=\"\">Unificar todos os documentos. Menos dor de cabe\u00e7a para voc\u00ea!<\/li>\n\n\n\n<li class=\"\">Fechar c\u00e2mbio para seu processo.<\/li>\n\n\n\n<li class=\"\">Fazer inspe\u00e7\u00f5es e emitir relat\u00f3rios completos para seu acompanhamento.<\/li>\n<\/ul>\n\n\n\n<p class=\"\">E muito mais!<\/p>\n\n\n\n<div style=\"height:28px\" aria-hidden=\"true\" class=\"wp-block-spacer\"><\/div>\n\n\n\n<p class=\"\">Conte com a Genco para ter a melhor assessoria para sua importa\u00e7\u00e3o.<\/p>\n\n\n\n<p class=\"\">Fale conosco e saiba mais sobre nossos servi\u00e7os!<\/p>\n\n\n\n<div style=\"height:45px\" aria-hidden=\"true\" class=\"wp-block-spacer\"><\/div>\n","protected":false},"excerpt":{"rendered":"<p>Se voc\u00ea atua com com\u00e9rcio exterior, sabe que a importa\u00e7\u00e3o no Brasil \u00e9 um processo cheio de etapas \u2014 e uma das mais temidas pelos importadores \u00e9 a temida classifica\u00e7\u00e3o da carga no Canal Vermelho. Mas afinal, o que isso significa na pr\u00e1tica e como se preparar? O que \u00e9 o Canal Vermelho? Ao chegar [&hellip;]<\/p>\n","protected":false},"author":2,"featured_media":2060,"comment_status":"open","ping_status":"open","sticky":false,"template":"","format":"standard","meta":{"nf_dc_page":"","footnotes":""},"categories":[11,10,76],"tags":[56,266,42,55,17,32,28,15,14,12],"class_list":["post-2059","post","type-post","status-publish","format-standard","has-post-thumbnail","hentry","category-guias","category-importacao","category-mundo","tag-brasil","tag-canal-vermelho","tag-cargas","tag-china","tag-comercio-exterior","tag-comercio-internacional-2","tag-comex","tag-dicas","tag-exportacao","tag-importacao"],"_links":{"self":[{"href":"https:\/\/genco-ie.com\/en\/wp-json\/wp\/v2\/posts\/2059","targetHints":{"allow":["GET"]}}],"collection":[{"href":"https:\/\/genco-ie.com\/en\/wp-json\/wp\/v2\/posts"}],"about":[{"href":"https:\/\/genco-ie.com\/en\/wp-json\/wp\/v2\/types\/post"}],"author":[{"embeddable":true,"href":"https:\/\/genco-ie.com\/en\/wp-json\/wp\/v2\/users\/2"}],"replies":[{"embeddable":true,"href":"https:\/\/genco-ie.com\/en\/wp-json\/wp\/v2\/comments?post=2059"}],"version-history":[{"count":2,"href":"https:\/\/genco-ie.com\/en\/wp-json\/wp\/v2\/posts\/2059\/revisions"}],"predecessor-version":[{"id":2069,"href":"https:\/\/genco-ie.com\/en\/wp-json\/wp\/v2\/posts\/2059\/revisions\/2069"}],"wp:featuredmedia":[{"embeddable":true,"href":"https:\/\/genco-ie.com\/en\/wp-json\/wp\/v2\/media\/2060"}],"wp:attachment":[{"href":"https:\/\/genco-ie.com\/en\/wp-json\/wp\/v2\/media?parent=2059"}],"wp:term":[{"taxonomy":"category","embeddable":true,"href":"https:\/\/genco-ie.com\/en\/wp-json\/wp\/v2\/categories?post=2059"},{"taxonomy":"post_tag","embeddable":true,"href":"https:\/\/genco-ie.com\/en\/wp-json\/wp\/v2\/tags?post=2059"}],"curies":[{"name":"wp","href":"https:\/\/api.w.org\/{rel}","templated":true}]}}