{"id":1553,"date":"2024-12-26T12:00:00","date_gmt":"2024-12-26T15:00:00","guid":{"rendered":"https:\/\/genco-ie.com\/?p=1553"},"modified":"2024-12-16T09:44:34","modified_gmt":"2024-12-16T12:44:34","slug":"retrospectiva-genco-2024","status":"publish","type":"post","link":"https:\/\/genco-ie.com\/en\/retrospectiva-genco-2024\/","title":{"rendered":"Genco retrospective 2024"},"content":{"rendered":"<div class=\"trp-block-container\"><div class=\"trp_language_switcher_shortcode\">\n<div class=\"trp-language-switcher trp-language-switcher-container\" data-no-translation >\n    <div class=\"trp-ls-shortcode-current-language\">\n        <a href=\"#\" class=\"trp-ls-shortcode-disabled-language trp-ls-disabled-language\" title=\"English\" onclick=\"event.preventDefault()\">\n\t\t\t<img loading=\"lazy\" decoding=\"async\" loading=\"lazy\" class=\"trp-flag-image\" src=\"https:\/\/genco-ie.com\/wp-content\/plugins\/translatepress-multilingual\/assets\/images\/flags\/en_US.png\" width=\"18\" height=\"12\" alt=\"en_US\" title=\"English\"> English\t\t<\/a>\n    <\/div>\n    <div class=\"trp-ls-shortcode-language\">\n                <a href=\"#\" class=\"trp-ls-shortcode-disabled-language trp-ls-disabled-language\"  title=\"English\" onclick=\"event.preventDefault()\">\n\t\t\t<img loading=\"lazy\" decoding=\"async\" loading=\"lazy\" class=\"trp-flag-image\" src=\"https:\/\/genco-ie.com\/wp-content\/plugins\/translatepress-multilingual\/assets\/images\/flags\/en_US.png\" width=\"18\" height=\"12\" alt=\"en_US\" title=\"English\"> English\t\t<\/a>\n                    <a href=\"https:\/\/genco-ie.com\/en\/wp-json\/wp\/v2\/posts\/1553#TRPLINKPROCESSED\" title=\"Portugu\u00eas do Brasil\">\n            <img loading=\"lazy\" decoding=\"async\" loading=\"lazy\" class=\"trp-flag-image\" src=\"https:\/\/genco-ie.com\/wp-content\/plugins\/translatepress-multilingual\/assets\/images\/flags\/pt_BR.png\" width=\"18\" height=\"12\" alt=\"pt_BR\" title=\"Portugu\u00eas do Brasil\"> Portugu\u00eas do Brasil        <\/a>\n\n        <\/div>\n    <script type=\"application\/javascript\">\n        \/\/ need to have the same with set from JS on both divs. Otherwise it can push stuff around in HTML\n        var trp_ls_shortcodes = document.querySelectorAll('.trp_language_switcher_shortcode .trp-language-switcher');\n        if ( trp_ls_shortcodes.length > 0) {\n            \/\/ get the last language switcher added\n            var trp_el = trp_ls_shortcodes[trp_ls_shortcodes.length - 1];\n\n            var trp_shortcode_language_item = trp_el.querySelector( '.trp-ls-shortcode-language' )\n            \/\/ set width\n            var trp_ls_shortcode_width                                               = trp_shortcode_language_item.offsetWidth + 16;\n            trp_shortcode_language_item.style.width                                  = trp_ls_shortcode_width + 'px';\n            trp_el.querySelector( '.trp-ls-shortcode-current-language' ).style.width = trp_ls_shortcode_width + 'px';\n\n            \/\/ We're putting this on display: none after we have its width.\n            trp_shortcode_language_item.style.display = 'none';\n        }\n    <\/script>\n<\/div>\n<\/div><\/div>\n\n\n<div style=\"height:45px\" aria-hidden=\"true\" class=\"wp-block-spacer\"><\/div>\n\n\n\n<p>2024 foi um ano marcado por grandes conquistas e conex\u00f5es globais para nossa empresa. Agradecemos a todos os colaboradores, clientes e parceiros que fizeram parte dessa jornada e nos ajudaram a alcan\u00e7ar esses resultados.<\/p>\n\n\n\n<p>Confira a seguir os principais destaques do nosso ano. E que 2025 traga ainda mais oportunidades e realiza\u00e7\u00f5es!<\/p>\n\n\n\n<div style=\"height:45px\" aria-hidden=\"true\" class=\"wp-block-spacer\"><\/div>\n\n\n\n<hr class=\"wp-block-separator has-alpha-channel-opacity\"\/>\n\n\n\n<div style=\"height:45px\" aria-hidden=\"true\" class=\"wp-block-spacer\"><\/div>\n\n\n\n<h2 class=\"wp-block-heading\">Janeiro<\/h2>\n\n\n\n<p><strong>Reestrutura\u00e7\u00e3o<\/strong>: Implementa\u00e7\u00e3o de uma nova estrutura nos setores da empresa, com foco em aprimorar a experi\u00eancia do cliente.<\/p>\n\n\n\n<div style=\"height:29px\" aria-hidden=\"true\" class=\"wp-block-spacer\"><\/div>\n\n\n\n<h2 class=\"wp-block-heading\">Fevereiro<\/h2>\n\n\n\n<p><strong>Ano Novo Chin\u00eas<\/strong>: Celebra\u00e7\u00e3o do Ano Novo Lunar, com poss\u00edveis impactos na rotina de trabalho devido a feriados e costumes locais.<\/p>\n\n\n\n<div style=\"height:29px\" aria-hidden=\"true\" class=\"wp-block-spacer\"><\/div>\n\n\n\n<h2 class=\"wp-block-heading\">Mar\u00e7o<\/h2>\n\n\n\n<p><strong>Anivers\u00e1rio da Genco e 4\u00aa Miss\u00e3o de Neg\u00f3cios ao Panam\u00e1<\/strong>: Comemora\u00e7\u00e3o do anivers\u00e1rio da empresa e realiza\u00e7\u00e3o da 4\u00aa Miss\u00e3o de Neg\u00f3cios ao Panam\u00e1, visando expandir os neg\u00f3cios na regi\u00e3o.<\/p>\n\n\n\n<div style=\"height:29px\" aria-hidden=\"true\" class=\"wp-block-spacer\"><\/div>\n\n\n\n<h2 class=\"wp-block-heading\">Abril<\/h2>\n\n\n\n<p><strong>Feiras Internacionais<\/strong>: Participa\u00e7\u00e3o em importantes feiras do setor, como a Canton Fair (1\u00aa edi\u00e7\u00e3o), HKTDC e F+Global Sources, para fortalecer a presen\u00e7a da Genco no mercado internacional.<\/p>\n\n\n\n<div style=\"height:29px\" aria-hidden=\"true\" class=\"wp-block-spacer\"><\/div>\n\n\n\n<h2 class=\"wp-block-heading\">Maio<\/h2>\n\n\n\n<p><strong>Intermodal South America<\/strong>: Participa\u00e7\u00e3o na feira Intermodal South America, com o objetivo de ampliar a rede de contatos e conhecer as \u00faltimas novidades do setor log\u00edstico.<\/p>\n\n\n\n<div style=\"height:29px\" aria-hidden=\"true\" class=\"wp-block-spacer\"><\/div>\n\n\n\n<h2 class=\"wp-block-heading\">Junho<\/h2>\n\n\n\n<p><strong>Cursos DUIMP<\/strong>: Oferecimento de cursos DUIMP (Declara\u00e7\u00e3o \u00danica de Importa\u00e7\u00e3o) para os colaboradores, visando aprimorar os conhecimentos t\u00e9cnicos da equipe e otimizar os processos de importa\u00e7\u00e3o.<\/p>\n\n\n\n<div style=\"height:29px\" aria-hidden=\"true\" class=\"wp-block-spacer\"><\/div>\n\n\n\n<h2 class=\"wp-block-heading\">Julho<\/h2>\n\n\n\n<p><strong>Atualiza\u00e7\u00e3o do Site e Reativa\u00e7\u00e3o do Blog<\/strong>: Renova\u00e7\u00e3o do site da Genco e reabertura do blog, com o objetivo de melhorar a comunica\u00e7\u00e3o com os clientes e parceiros, al\u00e9m de fortalecer a presen\u00e7a digital da empresa.<\/p>\n\n\n\n<div style=\"height:29px\" aria-hidden=\"true\" class=\"wp-block-spacer\"><\/div>\n\n\n\n<h2 class=\"wp-block-heading\">Agosto<\/h2>\n\n\n\n<p><strong>IOTE<\/strong>: Participa\u00e7\u00e3o na feira IOTE (International Optoelectronics Exhibition), em parceria com clientes da Genco, para apresentar as \u00faltimas novidades em componentes eletr\u00f4nicos.<\/p>\n\n\n\n<div style=\"height:29px\" aria-hidden=\"true\" class=\"wp-block-spacer\"><\/div>\n\n\n\n<h2 class=\"wp-block-heading\">Setembro<\/h2>\n\n\n\n<p><strong>Comextech<\/strong>: Participa\u00e7\u00e3o na feira Comextech, voltada para o setor de com\u00e9rcio exterior, com o objetivo de expandir a rede de contatos e buscar novas oportunidades de neg\u00f3cios.<\/p>\n\n\n\n<div style=\"height:29px\" aria-hidden=\"true\" class=\"wp-block-spacer\"><\/div>\n\n\n\n<h2 class=\"wp-block-heading\">Outubro<\/h2>\n\n\n\n<p><strong>Feiras Internacionais<\/strong>: Participa\u00e7\u00e3o na 2\u00aa edi\u00e7\u00e3o da Canton Fair e na feira hardwareshow, na China, para fortalecer a presen\u00e7a da Genco no mercado asi\u00e1tico.<\/p>\n\n\n\n<div style=\"height:29px\" aria-hidden=\"true\" class=\"wp-block-spacer\"><\/div>\n\n\n\n<h2 class=\"wp-block-heading\">Novembro<\/h2>\n\n\n\n<p><strong>Expans\u00e3o de Neg\u00f3cios<\/strong>: In\u00edcio da expans\u00e3o para novos mercados, como Litu\u00e2nia, Austr\u00e1lia, Turquia e \u00cdndia, visando aumentar a presen\u00e7a global da empresa.<\/p>\n\n\n\n<div style=\"height:29px\" aria-hidden=\"true\" class=\"wp-block-spacer\"><\/div>\n\n\n\n<h2 class=\"wp-block-heading\">Dezembro<\/h2>\n\n\n\n<p><strong>Visita da Equipe Chinesa<\/strong>: Recep\u00e7\u00e3o da equipe da China no escrit\u00f3rio do Brasil, com o objetivo de fortalecer a parceria entre as duas equipes e alinhar as estrat\u00e9gias para o pr\u00f3ximo ano.<\/p>\n\n\n\n<div style=\"height:45px\" aria-hidden=\"true\" class=\"wp-block-spacer\"><\/div>\n\n\n\n<hr class=\"wp-block-separator has-alpha-channel-opacity\"\/>\n\n\n\n<div style=\"height:45px\" aria-hidden=\"true\" class=\"wp-block-spacer\"><\/div>\n\n\n\n<h2 class=\"wp-block-heading\">Evite erros na hora de importar!<\/h2>\n\n\n\n<p>Ter uma assessoria especializada em importa\u00e7\u00e3o pode te poupar de muitos riscos futuros. Veja s\u00f3 o que a Genco Import &amp; Export pode fazer por voc\u00ea:<\/p>\n\n\n\n<div style=\"height:28px\" aria-hidden=\"true\" class=\"wp-block-spacer\"><\/div>\n\n\n\n<ul class=\"wp-block-list\">\n<li>Sourcing do seu produto para encontrar o melhor valor para o seu produto.<\/li>\n\n\n\n<li>Fazer uma simula\u00e7\u00e3o de todos os custos antes de voc\u00ea entrar nessa jornada.<\/li>\n\n\n\n<li>Negociar valores com fornecedores, agentes de carga e despachantes.<\/li>\n\n\n\n<li>Unificar todos os documentos. Menos dor de cabe\u00e7a para voc\u00ea!<\/li>\n\n\n\n<li>Fechar c\u00e2mbio para seu processo.<\/li>\n\n\n\n<li>Fazer inspe\u00e7\u00f5es e emitir relat\u00f3rios completos para seu acompanhamento.<\/li>\n<\/ul>\n\n\n\n<p>E muito mais!<\/p>\n\n\n\n<div style=\"height:28px\" aria-hidden=\"true\" class=\"wp-block-spacer\"><\/div>\n\n\n\n<p>Conte com a Genco para ter a melhor assessoria para sua importa\u00e7\u00e3o.<\/p>\n\n\n\n<p>Fale conosco e saiba mais sobre nossos servi\u00e7os!<\/p>\n\n\n\n<div style=\"height:45px\" aria-hidden=\"true\" class=\"wp-block-spacer\"><\/div>\n","protected":false},"excerpt":{"rendered":"<p>2024 foi um ano marcado por grandes conquistas e conex\u00f5es globais para nossa empresa. Agradecemos a todos os colaboradores, clientes e parceiros que fizeram parte dessa jornada e nos ajudaram a alcan\u00e7ar esses resultados. Confira a seguir os principais destaques do nosso ano. E que 2025 traga ainda mais oportunidades e realiza\u00e7\u00f5es! Janeiro Reestrutura\u00e7\u00e3o: Implementa\u00e7\u00e3o [&hellip;]<\/p>\n","protected":false},"author":2,"featured_media":1555,"comment_status":"open","ping_status":"open","sticky":false,"template":"","format":"standard","meta":{"nf_dc_page":"","footnotes":""},"categories":[19],"tags":[114,123,17,32,14,12,122],"class_list":["post-1553","post","type-post","status-publish","format-standard","has-post-thumbnail","hentry","category-historias-genco","tag-114","tag-ano-genco-2024","tag-comercio-exterior","tag-comercio-internacional-2","tag-exportacao","tag-importacao","tag-retrospectiva"],"_links":{"self":[{"href":"https:\/\/genco-ie.com\/en\/wp-json\/wp\/v2\/posts\/1553","targetHints":{"allow":["GET"]}}],"collection":[{"href":"https:\/\/genco-ie.com\/en\/wp-json\/wp\/v2\/posts"}],"about":[{"href":"https:\/\/genco-ie.com\/en\/wp-json\/wp\/v2\/types\/post"}],"author":[{"embeddable":true,"href":"https:\/\/genco-ie.com\/en\/wp-json\/wp\/v2\/users\/2"}],"replies":[{"embeddable":true,"href":"https:\/\/genco-ie.com\/en\/wp-json\/wp\/v2\/comments?post=1553"}],"version-history":[{"count":1,"href":"https:\/\/genco-ie.com\/en\/wp-json\/wp\/v2\/posts\/1553\/revisions"}],"predecessor-version":[{"id":1556,"href":"https:\/\/genco-ie.com\/en\/wp-json\/wp\/v2\/posts\/1553\/revisions\/1556"}],"wp:featuredmedia":[{"embeddable":true,"href":"https:\/\/genco-ie.com\/en\/wp-json\/wp\/v2\/media\/1555"}],"wp:attachment":[{"href":"https:\/\/genco-ie.com\/en\/wp-json\/wp\/v2\/media?parent=1553"}],"wp:term":[{"taxonomy":"category","embeddable":true,"href":"https:\/\/genco-ie.com\/en\/wp-json\/wp\/v2\/categories?post=1553"},{"taxonomy":"post_tag","embeddable":true,"href":"https:\/\/genco-ie.com\/en\/wp-json\/wp\/v2\/tags?post=1553"}],"curies":[{"name":"wp","href":"https:\/\/api.w.org\/{rel}","templated":true}]}}